{"id":358,"date":"2019-05-30T22:18:45","date_gmt":"2019-05-30T20:18:45","guid":{"rendered":"https:\/\/amazonkikolumna.pl\/?p=358"},"modified":"2019-07-29T07:49:45","modified_gmt":"2019-07-29T05:49:45","slug":"spotkanie-z-kobietami-z-izraela","status":"publish","type":"post","link":"https:\/\/amazonkikolumna.pl\/index.php\/2019\/05\/30\/spotkanie-z-kobietami-z-izraela\/","title":{"rendered":"Spotkanie z kobietami z Izraela."},"content":{"rendered":"\n<p style=\"text-align: center;\"><strong>Spotkania \u0141\u00f3dzkiej Unii Wojew\u00f3dzkiej z grup\u0105 kobiet z Izraela<\/strong><\/p>\n<p><strong>\u00a0<\/strong>\u00a0\u00a0\u00a0\u00a0\u00a0\u00a0 \u00a0\u00a0W dniu 27 kwietnia 2019 r. cz\u0142onkinie Stowarzyszenia Amazonek \u0141ask \u2013 Kolumna uczestniczy\u0142y w spotkaniu z grup\u0105 kobiet po leczeniu raka piersi-<strong>Think Positive z Izraela <\/strong><strong>ze Szpitala \u015aw. Rodziny w Nazarecie. <\/strong>Spotkanie odby\u0142o si\u0119 w Szpitalu im. M. Kopernika w \u0141odzi. Organizatorkami tego wydarzenia by\u0142y kole\u017canki z Klubu Amazonek w \u0141odzi.<\/p>\n<p>Dzi\u0119ki t\u0142umaczce pozna\u0142y\u015bmy si\u0119 bli\u017cej i wymieni\u0142y\u015bmy si\u0119 swoimi do\u015bwiadczeniami.<\/p>\n<p>Spotkanie by\u0142o jak\u017ce inne\u2026. pe\u0142ne rado\u015bci, otwarto\u015bci i wzrusze\u0144. Takie chwile potwierdzaj\u0105, \u017ce niezale\u017cnie od wyznania, kraju, koloru sk\u00f3ry, czy pogl\u0105d\u00f3w, jeste\u015bmy takie same. \u0141\u0105czy NAS wszystkie jedno \u2013 RAK PIERSI. Wystarczy odrobina empatii. Tak jak powiedzia\u0142 na spotkaniu zakonnik Bonifratra \u201e Pami\u0119tajmy\u2026. nadzieja przychodzi wraz\u00a0 z drugim cz\u0142owiekiem\u201d.<\/p>\n<p>Soli\u015bci Filharmonii \u0141\u00f3dzkiej u\u015bwietnili nam swoim wyst\u0119pem\u00a0 dzisiejsze spotkanie .\u00a0\u00a0\u00a0\u00a0\u00a0\u00a0 Kobiety z Izraela podzi\u0119kowa\u0142y za wspania\u0142e przyj\u0119cie. \u017begnaj\u0105c si\u0119 z \u00a0NAMI\u00a0powiedzia\u0142y, \u017ce czu\u0142y si\u0119 jak w rodzinnym domu, w otoczeniu bliskich, kochaj\u0105cych os\u00f3b.<\/p>\n\n\n\n<figure class=\"wp-block-image\"><img fetchpriority=\"high\" decoding=\"async\" width=\"768\" height=\"1024\" src=\"https:\/\/amazonkikolumna.pl\/wp-content\/uploads\/2019\/07\/20190427_105654-768x1024.jpg\" alt=\"\" class=\"wp-image-377\" srcset=\"https:\/\/amazonkikolumna.pl\/wp-content\/uploads\/2019\/07\/20190427_105654-768x1024.jpg 768w, https:\/\/amazonkikolumna.pl\/wp-content\/uploads\/2019\/07\/20190427_105654-225x300.jpg 225w\" sizes=\"(max-width: 768px) 100vw, 768px\" \/><\/figure>\n\n\n\n<figure class=\"wp-block-image\"><img decoding=\"async\" width=\"768\" height=\"1024\" src=\"https:\/\/amazonkikolumna.pl\/wp-content\/uploads\/2019\/07\/20190427_111409-768x1024.jpg\" alt=\"\" class=\"wp-image-378\" srcset=\"https:\/\/amazonkikolumna.pl\/wp-content\/uploads\/2019\/07\/20190427_111409-768x1024.jpg 768w, https:\/\/amazonkikolumna.pl\/wp-content\/uploads\/2019\/07\/20190427_111409-225x300.jpg 225w\" sizes=\"(max-width: 768px) 100vw, 768px\" \/><\/figure>\n\n\n\n<figure class=\"wp-block-image\"><img decoding=\"async\" width=\"1024\" height=\"498\" src=\"https:\/\/amazonkikolumna.pl\/wp-content\/uploads\/2019\/07\/20190427_113510_001-1024x498.jpg\" alt=\"\" class=\"wp-image-379\" srcset=\"https:\/\/amazonkikolumna.pl\/wp-content\/uploads\/2019\/07\/20190427_113510_001-1024x498.jpg 1024w, https:\/\/amazonkikolumna.pl\/wp-content\/uploads\/2019\/07\/20190427_113510_001-300x146.jpg 300w, https:\/\/amazonkikolumna.pl\/wp-content\/uploads\/2019\/07\/20190427_113510_001-768x373.jpg 768w\" sizes=\"(max-width: 1024px) 100vw, 1024px\" \/><\/figure>\n\n\n\n<figure class=\"wp-block-image\"><img loading=\"lazy\" decoding=\"async\" width=\"1024\" height=\"498\" src=\"https:\/\/amazonkikolumna.pl\/wp-content\/uploads\/2019\/07\/20190427_124543-1024x498.jpg\" alt=\"\" class=\"wp-image-380\" srcset=\"https:\/\/amazonkikolumna.pl\/wp-content\/uploads\/2019\/07\/20190427_124543-1024x498.jpg 1024w, https:\/\/amazonkikolumna.pl\/wp-content\/uploads\/2019\/07\/20190427_124543-300x146.jpg 300w, https:\/\/amazonkikolumna.pl\/wp-content\/uploads\/2019\/07\/20190427_124543-768x373.jpg 768w\" sizes=\"(max-width: 1024px) 100vw, 1024px\" \/><\/figure>\n\n\n\n<figure class=\"wp-block-image\"><img loading=\"lazy\" decoding=\"async\" width=\"1024\" height=\"498\" src=\"https:\/\/amazonkikolumna.pl\/wp-content\/uploads\/2019\/07\/20190427_133342-1024x498.jpg\" alt=\"\" class=\"wp-image-381\" srcset=\"https:\/\/amazonkikolumna.pl\/wp-content\/uploads\/2019\/07\/20190427_133342-1024x498.jpg 1024w, https:\/\/amazonkikolumna.pl\/wp-content\/uploads\/2019\/07\/20190427_133342-300x146.jpg 300w, https:\/\/amazonkikolumna.pl\/wp-content\/uploads\/2019\/07\/20190427_133342-768x373.jpg 768w\" sizes=\"(max-width: 1024px) 100vw, 1024px\" \/><\/figure>\n\n\n\n<figure class=\"wp-block-image\"><img loading=\"lazy\" decoding=\"async\" width=\"1024\" height=\"498\" src=\"https:\/\/amazonkikolumna.pl\/wp-content\/uploads\/2019\/07\/20190427_133446-1024x498.jpg\" alt=\"\" class=\"wp-image-382\" srcset=\"https:\/\/amazonkikolumna.pl\/wp-content\/uploads\/2019\/07\/20190427_133446-1024x498.jpg 1024w, https:\/\/amazonkikolumna.pl\/wp-content\/uploads\/2019\/07\/20190427_133446-300x146.jpg 300w, https:\/\/amazonkikolumna.pl\/wp-content\/uploads\/2019\/07\/20190427_133446-768x373.jpg 768w\" sizes=\"(max-width: 1024px) 100vw, 1024px\" \/><\/figure>\n","protected":false},"excerpt":{"rendered":"<p>Spotkania \u0141\u00f3dzkiej Unii Wojew\u00f3dzkiej z grup\u0105 kobiet z Izraela \u00a0\u00a0\u00a0\u00a0\u00a0\u00a0\u00a0 \u00a0\u00a0W dniu 27 kwietnia 2019 r. cz\u0142onkinie Stowarzyszenia Amazonek \u0141ask \u2013 Kolumna uczestniczy\u0142y w spotkaniu z grup\u0105 kobiet po leczeniu raka piersi-Think Positive z Izraela ze Szpitala \u015aw. Rodziny w Nazarecie. Spotkanie odby\u0142o si\u0119 w Szpitalu im. M. Kopernika w \u0141odzi. Organizatorkami tego wydarzenia by\u0142y kole\u017canki z Klubu Amazonek w \u0141odzi. Dzi\u0119ki t\u0142umaczce pozna\u0142y\u015bmy si\u0119 bli\u017cej i wymieni\u0142y\u015bmy si\u0119 swoimi do\u015bwiadczeniami. Spotkanie by\u0142o jak\u017ce inne\u2026. pe\u0142ne rado\u015bci, otwarto\u015bci i wzrusze\u0144. Takie chwile potwierdzaj\u0105, \u017ce niezale\u017cnie od wyznania, kraju, koloru sk\u00f3ry, czy pogl\u0105d\u00f3w, jeste\u015bmy takie same. \u0141\u0105czy NAS wszystkie jedno \u2013 [&hellip;]<\/p>\n","protected":false},"author":6,"featured_media":0,"comment_status":"closed","ping_status":"open","sticky":false,"template":"","format":"standard","meta":{"footnotes":""},"categories":[3],"tags":[],"class_list":["post-358","post","type-post","status-publish","format-standard","hentry","category-news","wpbf-post"],"yoast_head":"<!-- This site is optimized with the Yoast SEO plugin v26.8 - https:\/\/yoast.com\/product\/yoast-seo-wordpress\/ -->\n<title>Spotkanie z kobietami z Izraela. - Stowarzyszenie Amazonek \u0141ask-Kolumna<\/title>\n<meta name=\"robots\" content=\"index, follow, max-snippet:-1, max-image-preview:large, max-video-preview:-1\" \/>\n<link rel=\"canonical\" href=\"https:\/\/amazonkikolumna.pl\/index.php\/2019\/05\/30\/spotkanie-z-kobietami-z-izraela\/\" \/>\n<meta property=\"og:locale\" content=\"pl_PL\" \/>\n<meta property=\"og:type\" content=\"article\" \/>\n<meta property=\"og:title\" content=\"Spotkanie z kobietami z Izraela. - Stowarzyszenie Amazonek \u0141ask-Kolumna\" \/>\n<meta property=\"og:description\" content=\"Spotkania \u0141\u00f3dzkiej Unii Wojew\u00f3dzkiej z grup\u0105 kobiet z Izraela \u00a0\u00a0\u00a0\u00a0\u00a0\u00a0\u00a0 \u00a0\u00a0W dniu 27 kwietnia 2019 r. cz\u0142onkinie Stowarzyszenia Amazonek \u0141ask \u2013 Kolumna uczestniczy\u0142y w spotkaniu z grup\u0105 kobiet po leczeniu raka piersi-Think Positive z Izraela ze Szpitala \u015aw. Rodziny w Nazarecie. Spotkanie odby\u0142o si\u0119 w Szpitalu im. M. Kopernika w \u0141odzi. Organizatorkami tego wydarzenia by\u0142y kole\u017canki z Klubu Amazonek w \u0141odzi. Dzi\u0119ki t\u0142umaczce pozna\u0142y\u015bmy si\u0119 bli\u017cej i wymieni\u0142y\u015bmy si\u0119 swoimi do\u015bwiadczeniami. Spotkanie by\u0142o jak\u017ce inne\u2026. pe\u0142ne rado\u015bci, otwarto\u015bci i wzrusze\u0144. Takie chwile potwierdzaj\u0105, \u017ce niezale\u017cnie od wyznania, kraju, koloru sk\u00f3ry, czy pogl\u0105d\u00f3w, jeste\u015bmy takie same. \u0141\u0105czy NAS wszystkie jedno \u2013 [&hellip;]\" \/>\n<meta property=\"og:url\" content=\"https:\/\/amazonkikolumna.pl\/index.php\/2019\/05\/30\/spotkanie-z-kobietami-z-izraela\/\" \/>\n<meta property=\"og:site_name\" content=\"Stowarzyszenie Amazonek \u0141ask-Kolumna\" \/>\n<meta property=\"article:published_time\" content=\"2019-05-30T20:18:45+00:00\" \/>\n<meta property=\"article:modified_time\" content=\"2019-07-29T05:49:45+00:00\" \/>\n<meta property=\"og:image\" content=\"https:\/\/amazonkikolumna.pl\/wp-content\/uploads\/2019\/07\/20190427_105654-768x1024.jpg\" \/>\n<meta name=\"author\" content=\"Marcin Cie\u015blak\" \/>\n<meta name=\"twitter:card\" content=\"summary_large_image\" \/>\n<meta name=\"twitter:label1\" content=\"Napisane przez\" \/>\n\t<meta name=\"twitter:data1\" content=\"Marcin Cie\u015blak\" \/>\n\t<meta name=\"twitter:label2\" content=\"Szacowany czas czytania\" \/>\n\t<meta name=\"twitter:data2\" content=\"1 minuta\" \/>\n<script type=\"application\/ld+json\" class=\"yoast-schema-graph\">{\"@context\":\"https:\/\/schema.org\",\"@graph\":[{\"@type\":\"Article\",\"@id\":\"https:\/\/amazonkikolumna.pl\/index.php\/2019\/05\/30\/spotkanie-z-kobietami-z-izraela\/#article\",\"isPartOf\":{\"@id\":\"https:\/\/amazonkikolumna.pl\/index.php\/2019\/05\/30\/spotkanie-z-kobietami-z-izraela\/\"},\"author\":{\"name\":\"Marcin Cie\u015blak\",\"@id\":\"https:\/\/amazonkikolumna.pl\/#\/schema\/person\/43f8feff2b1a9777dfbce6e884a96e22\"},\"headline\":\"Spotkanie z kobietami z Izraela.\",\"datePublished\":\"2019-05-30T20:18:45+00:00\",\"dateModified\":\"2019-07-29T05:49:45+00:00\",\"mainEntityOfPage\":{\"@id\":\"https:\/\/amazonkikolumna.pl\/index.php\/2019\/05\/30\/spotkanie-z-kobietami-z-izraela\/\"},\"wordCount\":190,\"publisher\":{\"@id\":\"https:\/\/amazonkikolumna.pl\/#organization\"},\"image\":{\"@id\":\"https:\/\/amazonkikolumna.pl\/index.php\/2019\/05\/30\/spotkanie-z-kobietami-z-izraela\/#primaryimage\"},\"thumbnailUrl\":\"https:\/\/amazonkikolumna.pl\/wp-content\/uploads\/2019\/07\/20190427_105654-768x1024.jpg\",\"articleSection\":[\"Aktualno\u015bci\"],\"inLanguage\":\"pl-PL\"},{\"@type\":\"WebPage\",\"@id\":\"https:\/\/amazonkikolumna.pl\/index.php\/2019\/05\/30\/spotkanie-z-kobietami-z-izraela\/\",\"url\":\"https:\/\/amazonkikolumna.pl\/index.php\/2019\/05\/30\/spotkanie-z-kobietami-z-izraela\/\",\"name\":\"Spotkanie z kobietami z Izraela. - Stowarzyszenie Amazonek \u0141ask-Kolumna\",\"isPartOf\":{\"@id\":\"https:\/\/amazonkikolumna.pl\/#website\"},\"primaryImageOfPage\":{\"@id\":\"https:\/\/amazonkikolumna.pl\/index.php\/2019\/05\/30\/spotkanie-z-kobietami-z-izraela\/#primaryimage\"},\"image\":{\"@id\":\"https:\/\/amazonkikolumna.pl\/index.php\/2019\/05\/30\/spotkanie-z-kobietami-z-izraela\/#primaryimage\"},\"thumbnailUrl\":\"https:\/\/amazonkikolumna.pl\/wp-content\/uploads\/2019\/07\/20190427_105654-768x1024.jpg\",\"datePublished\":\"2019-05-30T20:18:45+00:00\",\"dateModified\":\"2019-07-29T05:49:45+00:00\",\"breadcrumb\":{\"@id\":\"https:\/\/amazonkikolumna.pl\/index.php\/2019\/05\/30\/spotkanie-z-kobietami-z-izraela\/#breadcrumb\"},\"inLanguage\":\"pl-PL\",\"potentialAction\":[{\"@type\":\"ReadAction\",\"target\":[\"https:\/\/amazonkikolumna.pl\/index.php\/2019\/05\/30\/spotkanie-z-kobietami-z-izraela\/\"]}]},{\"@type\":\"ImageObject\",\"inLanguage\":\"pl-PL\",\"@id\":\"https:\/\/amazonkikolumna.pl\/index.php\/2019\/05\/30\/spotkanie-z-kobietami-z-izraela\/#primaryimage\",\"url\":\"https:\/\/amazonkikolumna.pl\/wp-content\/uploads\/2019\/07\/20190427_105654.jpg\",\"contentUrl\":\"https:\/\/amazonkikolumna.pl\/wp-content\/uploads\/2019\/07\/20190427_105654.jpg\",\"width\":3096,\"height\":4128},{\"@type\":\"BreadcrumbList\",\"@id\":\"https:\/\/amazonkikolumna.pl\/index.php\/2019\/05\/30\/spotkanie-z-kobietami-z-izraela\/#breadcrumb\",\"itemListElement\":[{\"@type\":\"ListItem\",\"position\":1,\"name\":\"Strona g\u0142\u00f3wna\",\"item\":\"https:\/\/amazonkikolumna.pl\/\"},{\"@type\":\"ListItem\",\"position\":2,\"name\":\"Spotkanie z kobietami z Izraela.\"}]},{\"@type\":\"WebSite\",\"@id\":\"https:\/\/amazonkikolumna.pl\/#website\",\"url\":\"https:\/\/amazonkikolumna.pl\/\",\"name\":\"Stowarzyszenie Amazonek \u0141ask-Kolumna\",\"description\":\"\u201eCz\u0142owiek jest wielki nie przez to, co ma, nie przez to kim jest, lecz przez to, czym dzieli si\u0119 z innymi\u201d Jan Pawe\u0142 II\",\"publisher\":{\"@id\":\"https:\/\/amazonkikolumna.pl\/#organization\"},\"potentialAction\":[{\"@type\":\"SearchAction\",\"target\":{\"@type\":\"EntryPoint\",\"urlTemplate\":\"https:\/\/amazonkikolumna.pl\/?s={search_term_string}\"},\"query-input\":{\"@type\":\"PropertyValueSpecification\",\"valueRequired\":true,\"valueName\":\"search_term_string\"}}],\"inLanguage\":\"pl-PL\"},{\"@type\":\"Organization\",\"@id\":\"https:\/\/amazonkikolumna.pl\/#organization\",\"name\":\"Stowarzyszenie Amazonek \u0141ask-Kolumna\",\"url\":\"https:\/\/amazonkikolumna.pl\/\",\"logo\":{\"@type\":\"ImageObject\",\"inLanguage\":\"pl-PL\",\"@id\":\"https:\/\/amazonkikolumna.pl\/#\/schema\/logo\/image\/\",\"url\":\"https:\/\/amazonkikolumna.pl\/wp-content\/uploads\/2016\/03\/logo_federacja_header.gif\",\"contentUrl\":\"https:\/\/amazonkikolumna.pl\/wp-content\/uploads\/2016\/03\/logo_federacja_header.gif\",\"width\":94,\"height\":93,\"caption\":\"Stowarzyszenie Amazonek \u0141ask-Kolumna\"},\"image\":{\"@id\":\"https:\/\/amazonkikolumna.pl\/#\/schema\/logo\/image\/\"}},{\"@type\":\"Person\",\"@id\":\"https:\/\/amazonkikolumna.pl\/#\/schema\/person\/43f8feff2b1a9777dfbce6e884a96e22\",\"name\":\"Marcin Cie\u015blak\",\"image\":{\"@type\":\"ImageObject\",\"inLanguage\":\"pl-PL\",\"@id\":\"https:\/\/amazonkikolumna.pl\/#\/schema\/person\/image\/\",\"url\":\"https:\/\/secure.gravatar.com\/avatar\/5a72ba338659c35fabbe332580f35214?s=96&d=mm&r=g\",\"contentUrl\":\"https:\/\/secure.gravatar.com\/avatar\/5a72ba338659c35fabbe332580f35214?s=96&d=mm&r=g\",\"caption\":\"Marcin Cie\u015blak\"},\"sameAs\":[\"http:\/\/marbit.net.pl\"],\"url\":\"https:\/\/amazonkikolumna.pl\/index.php\/author\/cieslam1977\/\"}]}<\/script>\n<!-- \/ Yoast SEO plugin. -->","yoast_head_json":{"title":"Spotkanie z kobietami z Izraela. - Stowarzyszenie Amazonek \u0141ask-Kolumna","robots":{"index":"index","follow":"follow","max-snippet":"max-snippet:-1","max-image-preview":"max-image-preview:large","max-video-preview":"max-video-preview:-1"},"canonical":"https:\/\/amazonkikolumna.pl\/index.php\/2019\/05\/30\/spotkanie-z-kobietami-z-izraela\/","og_locale":"pl_PL","og_type":"article","og_title":"Spotkanie z kobietami z Izraela. - Stowarzyszenie Amazonek \u0141ask-Kolumna","og_description":"Spotkania \u0141\u00f3dzkiej Unii Wojew\u00f3dzkiej z grup\u0105 kobiet z Izraela \u00a0\u00a0\u00a0\u00a0\u00a0\u00a0\u00a0 \u00a0\u00a0W dniu 27 kwietnia 2019 r. cz\u0142onkinie Stowarzyszenia Amazonek \u0141ask \u2013 Kolumna uczestniczy\u0142y w spotkaniu z grup\u0105 kobiet po leczeniu raka piersi-Think Positive z Izraela ze Szpitala \u015aw. Rodziny w Nazarecie. Spotkanie odby\u0142o si\u0119 w Szpitalu im. M. Kopernika w \u0141odzi. Organizatorkami tego wydarzenia by\u0142y kole\u017canki z Klubu Amazonek w \u0141odzi. Dzi\u0119ki t\u0142umaczce pozna\u0142y\u015bmy si\u0119 bli\u017cej i wymieni\u0142y\u015bmy si\u0119 swoimi do\u015bwiadczeniami. Spotkanie by\u0142o jak\u017ce inne\u2026. pe\u0142ne rado\u015bci, otwarto\u015bci i wzrusze\u0144. Takie chwile potwierdzaj\u0105, \u017ce niezale\u017cnie od wyznania, kraju, koloru sk\u00f3ry, czy pogl\u0105d\u00f3w, jeste\u015bmy takie same. \u0141\u0105czy NAS wszystkie jedno \u2013 [&hellip;]","og_url":"https:\/\/amazonkikolumna.pl\/index.php\/2019\/05\/30\/spotkanie-z-kobietami-z-izraela\/","og_site_name":"Stowarzyszenie Amazonek \u0141ask-Kolumna","article_published_time":"2019-05-30T20:18:45+00:00","article_modified_time":"2019-07-29T05:49:45+00:00","og_image":[{"url":"https:\/\/amazonkikolumna.pl\/wp-content\/uploads\/2019\/07\/20190427_105654-768x1024.jpg","type":"","width":"","height":""}],"author":"Marcin Cie\u015blak","twitter_card":"summary_large_image","twitter_misc":{"Napisane przez":"Marcin Cie\u015blak","Szacowany czas czytania":"1 minuta"},"schema":{"@context":"https:\/\/schema.org","@graph":[{"@type":"Article","@id":"https:\/\/amazonkikolumna.pl\/index.php\/2019\/05\/30\/spotkanie-z-kobietami-z-izraela\/#article","isPartOf":{"@id":"https:\/\/amazonkikolumna.pl\/index.php\/2019\/05\/30\/spotkanie-z-kobietami-z-izraela\/"},"author":{"name":"Marcin Cie\u015blak","@id":"https:\/\/amazonkikolumna.pl\/#\/schema\/person\/43f8feff2b1a9777dfbce6e884a96e22"},"headline":"Spotkanie z kobietami z Izraela.","datePublished":"2019-05-30T20:18:45+00:00","dateModified":"2019-07-29T05:49:45+00:00","mainEntityOfPage":{"@id":"https:\/\/amazonkikolumna.pl\/index.php\/2019\/05\/30\/spotkanie-z-kobietami-z-izraela\/"},"wordCount":190,"publisher":{"@id":"https:\/\/amazonkikolumna.pl\/#organization"},"image":{"@id":"https:\/\/amazonkikolumna.pl\/index.php\/2019\/05\/30\/spotkanie-z-kobietami-z-izraela\/#primaryimage"},"thumbnailUrl":"https:\/\/amazonkikolumna.pl\/wp-content\/uploads\/2019\/07\/20190427_105654-768x1024.jpg","articleSection":["Aktualno\u015bci"],"inLanguage":"pl-PL"},{"@type":"WebPage","@id":"https:\/\/amazonkikolumna.pl\/index.php\/2019\/05\/30\/spotkanie-z-kobietami-z-izraela\/","url":"https:\/\/amazonkikolumna.pl\/index.php\/2019\/05\/30\/spotkanie-z-kobietami-z-izraela\/","name":"Spotkanie z kobietami z Izraela. - Stowarzyszenie Amazonek \u0141ask-Kolumna","isPartOf":{"@id":"https:\/\/amazonkikolumna.pl\/#website"},"primaryImageOfPage":{"@id":"https:\/\/amazonkikolumna.pl\/index.php\/2019\/05\/30\/spotkanie-z-kobietami-z-izraela\/#primaryimage"},"image":{"@id":"https:\/\/amazonkikolumna.pl\/index.php\/2019\/05\/30\/spotkanie-z-kobietami-z-izraela\/#primaryimage"},"thumbnailUrl":"https:\/\/amazonkikolumna.pl\/wp-content\/uploads\/2019\/07\/20190427_105654-768x1024.jpg","datePublished":"2019-05-30T20:18:45+00:00","dateModified":"2019-07-29T05:49:45+00:00","breadcrumb":{"@id":"https:\/\/amazonkikolumna.pl\/index.php\/2019\/05\/30\/spotkanie-z-kobietami-z-izraela\/#breadcrumb"},"inLanguage":"pl-PL","potentialAction":[{"@type":"ReadAction","target":["https:\/\/amazonkikolumna.pl\/index.php\/2019\/05\/30\/spotkanie-z-kobietami-z-izraela\/"]}]},{"@type":"ImageObject","inLanguage":"pl-PL","@id":"https:\/\/amazonkikolumna.pl\/index.php\/2019\/05\/30\/spotkanie-z-kobietami-z-izraela\/#primaryimage","url":"https:\/\/amazonkikolumna.pl\/wp-content\/uploads\/2019\/07\/20190427_105654.jpg","contentUrl":"https:\/\/amazonkikolumna.pl\/wp-content\/uploads\/2019\/07\/20190427_105654.jpg","width":3096,"height":4128},{"@type":"BreadcrumbList","@id":"https:\/\/amazonkikolumna.pl\/index.php\/2019\/05\/30\/spotkanie-z-kobietami-z-izraela\/#breadcrumb","itemListElement":[{"@type":"ListItem","position":1,"name":"Strona g\u0142\u00f3wna","item":"https:\/\/amazonkikolumna.pl\/"},{"@type":"ListItem","position":2,"name":"Spotkanie z kobietami z Izraela."}]},{"@type":"WebSite","@id":"https:\/\/amazonkikolumna.pl\/#website","url":"https:\/\/amazonkikolumna.pl\/","name":"Stowarzyszenie Amazonek \u0141ask-Kolumna","description":"\u201eCz\u0142owiek jest wielki nie przez to, co ma, nie przez to kim jest, lecz przez to, czym dzieli si\u0119 z innymi\u201d Jan Pawe\u0142 II","publisher":{"@id":"https:\/\/amazonkikolumna.pl\/#organization"},"potentialAction":[{"@type":"SearchAction","target":{"@type":"EntryPoint","urlTemplate":"https:\/\/amazonkikolumna.pl\/?s={search_term_string}"},"query-input":{"@type":"PropertyValueSpecification","valueRequired":true,"valueName":"search_term_string"}}],"inLanguage":"pl-PL"},{"@type":"Organization","@id":"https:\/\/amazonkikolumna.pl\/#organization","name":"Stowarzyszenie Amazonek \u0141ask-Kolumna","url":"https:\/\/amazonkikolumna.pl\/","logo":{"@type":"ImageObject","inLanguage":"pl-PL","@id":"https:\/\/amazonkikolumna.pl\/#\/schema\/logo\/image\/","url":"https:\/\/amazonkikolumna.pl\/wp-content\/uploads\/2016\/03\/logo_federacja_header.gif","contentUrl":"https:\/\/amazonkikolumna.pl\/wp-content\/uploads\/2016\/03\/logo_federacja_header.gif","width":94,"height":93,"caption":"Stowarzyszenie Amazonek \u0141ask-Kolumna"},"image":{"@id":"https:\/\/amazonkikolumna.pl\/#\/schema\/logo\/image\/"}},{"@type":"Person","@id":"https:\/\/amazonkikolumna.pl\/#\/schema\/person\/43f8feff2b1a9777dfbce6e884a96e22","name":"Marcin Cie\u015blak","image":{"@type":"ImageObject","inLanguage":"pl-PL","@id":"https:\/\/amazonkikolumna.pl\/#\/schema\/person\/image\/","url":"https:\/\/secure.gravatar.com\/avatar\/5a72ba338659c35fabbe332580f35214?s=96&d=mm&r=g","contentUrl":"https:\/\/secure.gravatar.com\/avatar\/5a72ba338659c35fabbe332580f35214?s=96&d=mm&r=g","caption":"Marcin Cie\u015blak"},"sameAs":["http:\/\/marbit.net.pl"],"url":"https:\/\/amazonkikolumna.pl\/index.php\/author\/cieslam1977\/"}]}},"_links":{"self":[{"href":"https:\/\/amazonkikolumna.pl\/index.php\/wp-json\/wp\/v2\/posts\/358","targetHints":{"allow":["GET"]}}],"collection":[{"href":"https:\/\/amazonkikolumna.pl\/index.php\/wp-json\/wp\/v2\/posts"}],"about":[{"href":"https:\/\/amazonkikolumna.pl\/index.php\/wp-json\/wp\/v2\/types\/post"}],"author":[{"embeddable":true,"href":"https:\/\/amazonkikolumna.pl\/index.php\/wp-json\/wp\/v2\/users\/6"}],"replies":[{"embeddable":true,"href":"https:\/\/amazonkikolumna.pl\/index.php\/wp-json\/wp\/v2\/comments?post=358"}],"version-history":[{"count":5,"href":"https:\/\/amazonkikolumna.pl\/index.php\/wp-json\/wp\/v2\/posts\/358\/revisions"}],"predecessor-version":[{"id":383,"href":"https:\/\/amazonkikolumna.pl\/index.php\/wp-json\/wp\/v2\/posts\/358\/revisions\/383"}],"wp:attachment":[{"href":"https:\/\/amazonkikolumna.pl\/index.php\/wp-json\/wp\/v2\/media?parent=358"}],"wp:term":[{"taxonomy":"category","embeddable":true,"href":"https:\/\/amazonkikolumna.pl\/index.php\/wp-json\/wp\/v2\/categories?post=358"},{"taxonomy":"post_tag","embeddable":true,"href":"https:\/\/amazonkikolumna.pl\/index.php\/wp-json\/wp\/v2\/tags?post=358"}],"curies":[{"name":"wp","href":"https:\/\/api.w.org\/{rel}","templated":true}]}}