{"id":543,"date":"2020-06-15T07:28:22","date_gmt":"2020-06-15T05:28:22","guid":{"rendered":"https:\/\/amazonkikolumna.pl\/?p=543"},"modified":"2020-06-15T07:30:13","modified_gmt":"2020-06-15T05:30:13","slug":"zawiadomienie-o-walnym-zgromadzeniu","status":"publish","type":"post","link":"https:\/\/amazonkikolumna.pl\/index.php\/2020\/06\/15\/zawiadomienie-o-walnym-zgromadzeniu\/","title":{"rendered":"Zawiadomienie o walnym zgromadzeniu"},"content":{"rendered":"<p>Zarz\u0105d Stowarzyszenia Amazonek \u0141ask-Kolumna na podstawie \u00a7 16 w zwi\u0105zku z \u00a7 14 i 17 Statutu zawiadamia, \u017ce w dniu 26.06.2020 r. odb\u0119dzie si\u0119 Walne Zebranie Sprawozdawczo-Wyborcze.<\/p>\n<p>Pocz\u0105tek obrad \u2013 godz. 17.00<\/p>\n<p>Miejsce obrad &#8211;\u00a0 w terminie p\u00f3\u017aniejszym informacja telefoniczna.<\/p>\n<p>Porz\u0105dek Walnego Zebrania Sprawozdawczo-Wyborczego:<\/p>\n<ol>\n<li>Otwarcie Walnego Zebrania Cz\u0142onk\u00f3w i stwierdzenie jego prawomocno\u015bci.<\/li>\n<li>Wyb\u00f3r przewodnicz\u0105cego zebrania, protokolanta, Komisji Uchwa\u0142 i Wniosk\u00f3w oraz Komisji Skrutacyjnej.<\/li>\n<li>Przyj\u0119cie porz\u0105dku obrad.<\/li>\n<li>Sprawozdanie merytoryczne za 2019 rok.<\/li>\n<li>Sprawozdanie finansowe za 2019 rok.<\/li>\n<li>Przedstawienie protoko\u0142u z kontroli przeprowadzonej przez Komisj\u0119 Rewizyjn\u0105.<\/li>\n<li>Wniosek o udzielenie absolutorium Zarz\u0105dowi Stowarzyszenia.<\/li>\n<li>Rozpatrzenie rezygnacji dotychczasowych cz\u0142onk\u00f3w Zarz\u0105du Stowarzyszenia.<\/li>\n<li>Informacje o planowanych , niezb\u0119dnych zmianach w Statucie Stowarzyszenia \u2013 podj\u0119cie uchwa\u0142y.<\/li>\n<li>Sprawy organizacyjne.<br \/>\na) podj\u0119cie zaj\u0119\u0107 rehabilitacji ruchowej po przerwie spowodowanej pandemi\u0105.<\/p>\n<p>b) podj\u0119cie zaj\u0119\u0107 rehabilitacji psychicznej po przerwie spowodowanej pandemi\u0105.<\/p>\n<p>c) plan pracy Stowarzyszenia do ko\u0144ca 2020 roku.<\/li>\n<li>Wolne wnioski.<\/li>\n<li>Zako\u0144czenie obrad.<\/li>\n<\/ol>\n<p><strong>Obecno\u015b\u0107 wszystkich cz\u0142onk\u00f3w obowi\u0105zkowa.\u00a0\u00a0\u00a0\u00a0\u00a0\u00a0\u00a0\u00a0\u00a0\u00a0\u00a0\u00a0\u00a0\u00a0\u00a0 <\/strong><\/p>\n","protected":false},"excerpt":{"rendered":"<p>Zarz\u0105d Stowarzyszenia Amazonek \u0141ask-Kolumna na podstawie \u00a7 16 w zwi\u0105zku z \u00a7 14 i 17 Statutu zawiadamia, \u017ce w dniu 26.06.2020 r. odb\u0119dzie si\u0119 Walne Zebranie Sprawozdawczo-Wyborcze. Pocz\u0105tek obrad \u2013 godz. 17.00 Miejsce obrad &#8211;\u00a0 w terminie p\u00f3\u017aniejszym informacja telefoniczna. Porz\u0105dek Walnego Zebrania Sprawozdawczo-Wyborczego: Otwarcie Walnego Zebrania Cz\u0142onk\u00f3w i stwierdzenie jego prawomocno\u015bci. Wyb\u00f3r przewodnicz\u0105cego zebrania, protokolanta, Komisji Uchwa\u0142 i Wniosk\u00f3w oraz Komisji Skrutacyjnej. Przyj\u0119cie porz\u0105dku obrad. Sprawozdanie merytoryczne za 2019 rok. Sprawozdanie finansowe za 2019 rok. Przedstawienie protoko\u0142u z kontroli przeprowadzonej przez Komisj\u0119 Rewizyjn\u0105. Wniosek o udzielenie absolutorium Zarz\u0105dowi Stowarzyszenia. Rozpatrzenie rezygnacji dotychczasowych cz\u0142onk\u00f3w Zarz\u0105du Stowarzyszenia. Informacje o planowanych , [&hellip;]<\/p>\n","protected":false},"author":6,"featured_media":0,"comment_status":"closed","ping_status":"open","sticky":false,"template":"","format":"standard","meta":{"footnotes":""},"categories":[3],"tags":[],"class_list":["post-543","post","type-post","status-publish","format-standard","hentry","category-news","wpbf-post"],"yoast_head":"<!-- This site is optimized with the Yoast SEO plugin v26.8 - https:\/\/yoast.com\/product\/yoast-seo-wordpress\/ -->\n<title>Zawiadomienie o walnym zgromadzeniu - Stowarzyszenie Amazonek \u0141ask-Kolumna<\/title>\n<meta name=\"robots\" content=\"index, follow, max-snippet:-1, max-image-preview:large, max-video-preview:-1\" \/>\n<link rel=\"canonical\" href=\"https:\/\/amazonkikolumna.pl\/index.php\/2020\/06\/15\/zawiadomienie-o-walnym-zgromadzeniu\/\" \/>\n<meta property=\"og:locale\" content=\"pl_PL\" \/>\n<meta property=\"og:type\" content=\"article\" \/>\n<meta property=\"og:title\" content=\"Zawiadomienie o walnym zgromadzeniu - Stowarzyszenie Amazonek \u0141ask-Kolumna\" \/>\n<meta property=\"og:description\" content=\"Zarz\u0105d Stowarzyszenia Amazonek \u0141ask-Kolumna na podstawie \u00a7 16 w zwi\u0105zku z \u00a7 14 i 17 Statutu zawiadamia, \u017ce w dniu 26.06.2020 r. odb\u0119dzie si\u0119 Walne Zebranie Sprawozdawczo-Wyborcze. Pocz\u0105tek obrad \u2013 godz. 17.00 Miejsce obrad &#8211;\u00a0 w terminie p\u00f3\u017aniejszym informacja telefoniczna. Porz\u0105dek Walnego Zebrania Sprawozdawczo-Wyborczego: Otwarcie Walnego Zebrania Cz\u0142onk\u00f3w i stwierdzenie jego prawomocno\u015bci. Wyb\u00f3r przewodnicz\u0105cego zebrania, protokolanta, Komisji Uchwa\u0142 i Wniosk\u00f3w oraz Komisji Skrutacyjnej. Przyj\u0119cie porz\u0105dku obrad. Sprawozdanie merytoryczne za 2019 rok. Sprawozdanie finansowe za 2019 rok. Przedstawienie protoko\u0142u z kontroli przeprowadzonej przez Komisj\u0119 Rewizyjn\u0105. Wniosek o udzielenie absolutorium Zarz\u0105dowi Stowarzyszenia. Rozpatrzenie rezygnacji dotychczasowych cz\u0142onk\u00f3w Zarz\u0105du Stowarzyszenia. Informacje o planowanych , [&hellip;]\" \/>\n<meta property=\"og:url\" content=\"https:\/\/amazonkikolumna.pl\/index.php\/2020\/06\/15\/zawiadomienie-o-walnym-zgromadzeniu\/\" \/>\n<meta property=\"og:site_name\" content=\"Stowarzyszenie Amazonek \u0141ask-Kolumna\" \/>\n<meta property=\"article:published_time\" content=\"2020-06-15T05:28:22+00:00\" \/>\n<meta property=\"article:modified_time\" content=\"2020-06-15T05:30:13+00:00\" \/>\n<meta name=\"author\" content=\"Marcin Cie\u015blak\" \/>\n<meta name=\"twitter:card\" content=\"summary_large_image\" \/>\n<meta name=\"twitter:label1\" content=\"Napisane przez\" \/>\n\t<meta name=\"twitter:data1\" content=\"Marcin Cie\u015blak\" \/>\n\t<meta name=\"twitter:label2\" content=\"Szacowany czas czytania\" \/>\n\t<meta name=\"twitter:data2\" content=\"1 minuta\" \/>\n<script type=\"application\/ld+json\" class=\"yoast-schema-graph\">{\"@context\":\"https:\/\/schema.org\",\"@graph\":[{\"@type\":\"Article\",\"@id\":\"https:\/\/amazonkikolumna.pl\/index.php\/2020\/06\/15\/zawiadomienie-o-walnym-zgromadzeniu\/#article\",\"isPartOf\":{\"@id\":\"https:\/\/amazonkikolumna.pl\/index.php\/2020\/06\/15\/zawiadomienie-o-walnym-zgromadzeniu\/\"},\"author\":{\"name\":\"Marcin Cie\u015blak\",\"@id\":\"https:\/\/amazonkikolumna.pl\/#\/schema\/person\/43f8feff2b1a9777dfbce6e884a96e22\"},\"headline\":\"Zawiadomienie o walnym zgromadzeniu\",\"datePublished\":\"2020-06-15T05:28:22+00:00\",\"dateModified\":\"2020-06-15T05:30:13+00:00\",\"mainEntityOfPage\":{\"@id\":\"https:\/\/amazonkikolumna.pl\/index.php\/2020\/06\/15\/zawiadomienie-o-walnym-zgromadzeniu\/\"},\"wordCount\":164,\"publisher\":{\"@id\":\"https:\/\/amazonkikolumna.pl\/#organization\"},\"articleSection\":[\"Aktualno\u015bci\"],\"inLanguage\":\"pl-PL\"},{\"@type\":\"WebPage\",\"@id\":\"https:\/\/amazonkikolumna.pl\/index.php\/2020\/06\/15\/zawiadomienie-o-walnym-zgromadzeniu\/\",\"url\":\"https:\/\/amazonkikolumna.pl\/index.php\/2020\/06\/15\/zawiadomienie-o-walnym-zgromadzeniu\/\",\"name\":\"Zawiadomienie o walnym zgromadzeniu - Stowarzyszenie Amazonek \u0141ask-Kolumna\",\"isPartOf\":{\"@id\":\"https:\/\/amazonkikolumna.pl\/#website\"},\"datePublished\":\"2020-06-15T05:28:22+00:00\",\"dateModified\":\"2020-06-15T05:30:13+00:00\",\"breadcrumb\":{\"@id\":\"https:\/\/amazonkikolumna.pl\/index.php\/2020\/06\/15\/zawiadomienie-o-walnym-zgromadzeniu\/#breadcrumb\"},\"inLanguage\":\"pl-PL\",\"potentialAction\":[{\"@type\":\"ReadAction\",\"target\":[\"https:\/\/amazonkikolumna.pl\/index.php\/2020\/06\/15\/zawiadomienie-o-walnym-zgromadzeniu\/\"]}]},{\"@type\":\"BreadcrumbList\",\"@id\":\"https:\/\/amazonkikolumna.pl\/index.php\/2020\/06\/15\/zawiadomienie-o-walnym-zgromadzeniu\/#breadcrumb\",\"itemListElement\":[{\"@type\":\"ListItem\",\"position\":1,\"name\":\"Strona g\u0142\u00f3wna\",\"item\":\"https:\/\/amazonkikolumna.pl\/\"},{\"@type\":\"ListItem\",\"position\":2,\"name\":\"Zawiadomienie o walnym zgromadzeniu\"}]},{\"@type\":\"WebSite\",\"@id\":\"https:\/\/amazonkikolumna.pl\/#website\",\"url\":\"https:\/\/amazonkikolumna.pl\/\",\"name\":\"Stowarzyszenie Amazonek \u0141ask-Kolumna\",\"description\":\"\u201eCz\u0142owiek jest wielki nie przez to, co ma, nie przez to kim jest, lecz przez to, czym dzieli si\u0119 z innymi\u201d Jan Pawe\u0142 II\",\"publisher\":{\"@id\":\"https:\/\/amazonkikolumna.pl\/#organization\"},\"potentialAction\":[{\"@type\":\"SearchAction\",\"target\":{\"@type\":\"EntryPoint\",\"urlTemplate\":\"https:\/\/amazonkikolumna.pl\/?s={search_term_string}\"},\"query-input\":{\"@type\":\"PropertyValueSpecification\",\"valueRequired\":true,\"valueName\":\"search_term_string\"}}],\"inLanguage\":\"pl-PL\"},{\"@type\":\"Organization\",\"@id\":\"https:\/\/amazonkikolumna.pl\/#organization\",\"name\":\"Stowarzyszenie Amazonek \u0141ask-Kolumna\",\"url\":\"https:\/\/amazonkikolumna.pl\/\",\"logo\":{\"@type\":\"ImageObject\",\"inLanguage\":\"pl-PL\",\"@id\":\"https:\/\/amazonkikolumna.pl\/#\/schema\/logo\/image\/\",\"url\":\"https:\/\/amazonkikolumna.pl\/wp-content\/uploads\/2016\/03\/logo_federacja_header.gif\",\"contentUrl\":\"https:\/\/amazonkikolumna.pl\/wp-content\/uploads\/2016\/03\/logo_federacja_header.gif\",\"width\":94,\"height\":93,\"caption\":\"Stowarzyszenie Amazonek \u0141ask-Kolumna\"},\"image\":{\"@id\":\"https:\/\/amazonkikolumna.pl\/#\/schema\/logo\/image\/\"}},{\"@type\":\"Person\",\"@id\":\"https:\/\/amazonkikolumna.pl\/#\/schema\/person\/43f8feff2b1a9777dfbce6e884a96e22\",\"name\":\"Marcin Cie\u015blak\",\"image\":{\"@type\":\"ImageObject\",\"inLanguage\":\"pl-PL\",\"@id\":\"https:\/\/amazonkikolumna.pl\/#\/schema\/person\/image\/\",\"url\":\"https:\/\/secure.gravatar.com\/avatar\/5a72ba338659c35fabbe332580f35214?s=96&d=mm&r=g\",\"contentUrl\":\"https:\/\/secure.gravatar.com\/avatar\/5a72ba338659c35fabbe332580f35214?s=96&d=mm&r=g\",\"caption\":\"Marcin Cie\u015blak\"},\"sameAs\":[\"http:\/\/marbit.net.pl\"],\"url\":\"https:\/\/amazonkikolumna.pl\/index.php\/author\/cieslam1977\/\"}]}<\/script>\n<!-- \/ Yoast SEO plugin. -->","yoast_head_json":{"title":"Zawiadomienie o walnym zgromadzeniu - Stowarzyszenie Amazonek \u0141ask-Kolumna","robots":{"index":"index","follow":"follow","max-snippet":"max-snippet:-1","max-image-preview":"max-image-preview:large","max-video-preview":"max-video-preview:-1"},"canonical":"https:\/\/amazonkikolumna.pl\/index.php\/2020\/06\/15\/zawiadomienie-o-walnym-zgromadzeniu\/","og_locale":"pl_PL","og_type":"article","og_title":"Zawiadomienie o walnym zgromadzeniu - Stowarzyszenie Amazonek \u0141ask-Kolumna","og_description":"Zarz\u0105d Stowarzyszenia Amazonek \u0141ask-Kolumna na podstawie \u00a7 16 w zwi\u0105zku z \u00a7 14 i 17 Statutu zawiadamia, \u017ce w dniu 26.06.2020 r. odb\u0119dzie si\u0119 Walne Zebranie Sprawozdawczo-Wyborcze. Pocz\u0105tek obrad \u2013 godz. 17.00 Miejsce obrad &#8211;\u00a0 w terminie p\u00f3\u017aniejszym informacja telefoniczna. Porz\u0105dek Walnego Zebrania Sprawozdawczo-Wyborczego: Otwarcie Walnego Zebrania Cz\u0142onk\u00f3w i stwierdzenie jego prawomocno\u015bci. Wyb\u00f3r przewodnicz\u0105cego zebrania, protokolanta, Komisji Uchwa\u0142 i Wniosk\u00f3w oraz Komisji Skrutacyjnej. Przyj\u0119cie porz\u0105dku obrad. Sprawozdanie merytoryczne za 2019 rok. Sprawozdanie finansowe za 2019 rok. Przedstawienie protoko\u0142u z kontroli przeprowadzonej przez Komisj\u0119 Rewizyjn\u0105. Wniosek o udzielenie absolutorium Zarz\u0105dowi Stowarzyszenia. Rozpatrzenie rezygnacji dotychczasowych cz\u0142onk\u00f3w Zarz\u0105du Stowarzyszenia. Informacje o planowanych , [&hellip;]","og_url":"https:\/\/amazonkikolumna.pl\/index.php\/2020\/06\/15\/zawiadomienie-o-walnym-zgromadzeniu\/","og_site_name":"Stowarzyszenie Amazonek \u0141ask-Kolumna","article_published_time":"2020-06-15T05:28:22+00:00","article_modified_time":"2020-06-15T05:30:13+00:00","author":"Marcin Cie\u015blak","twitter_card":"summary_large_image","twitter_misc":{"Napisane przez":"Marcin Cie\u015blak","Szacowany czas czytania":"1 minuta"},"schema":{"@context":"https:\/\/schema.org","@graph":[{"@type":"Article","@id":"https:\/\/amazonkikolumna.pl\/index.php\/2020\/06\/15\/zawiadomienie-o-walnym-zgromadzeniu\/#article","isPartOf":{"@id":"https:\/\/amazonkikolumna.pl\/index.php\/2020\/06\/15\/zawiadomienie-o-walnym-zgromadzeniu\/"},"author":{"name":"Marcin Cie\u015blak","@id":"https:\/\/amazonkikolumna.pl\/#\/schema\/person\/43f8feff2b1a9777dfbce6e884a96e22"},"headline":"Zawiadomienie o walnym zgromadzeniu","datePublished":"2020-06-15T05:28:22+00:00","dateModified":"2020-06-15T05:30:13+00:00","mainEntityOfPage":{"@id":"https:\/\/amazonkikolumna.pl\/index.php\/2020\/06\/15\/zawiadomienie-o-walnym-zgromadzeniu\/"},"wordCount":164,"publisher":{"@id":"https:\/\/amazonkikolumna.pl\/#organization"},"articleSection":["Aktualno\u015bci"],"inLanguage":"pl-PL"},{"@type":"WebPage","@id":"https:\/\/amazonkikolumna.pl\/index.php\/2020\/06\/15\/zawiadomienie-o-walnym-zgromadzeniu\/","url":"https:\/\/amazonkikolumna.pl\/index.php\/2020\/06\/15\/zawiadomienie-o-walnym-zgromadzeniu\/","name":"Zawiadomienie o walnym zgromadzeniu - Stowarzyszenie Amazonek \u0141ask-Kolumna","isPartOf":{"@id":"https:\/\/amazonkikolumna.pl\/#website"},"datePublished":"2020-06-15T05:28:22+00:00","dateModified":"2020-06-15T05:30:13+00:00","breadcrumb":{"@id":"https:\/\/amazonkikolumna.pl\/index.php\/2020\/06\/15\/zawiadomienie-o-walnym-zgromadzeniu\/#breadcrumb"},"inLanguage":"pl-PL","potentialAction":[{"@type":"ReadAction","target":["https:\/\/amazonkikolumna.pl\/index.php\/2020\/06\/15\/zawiadomienie-o-walnym-zgromadzeniu\/"]}]},{"@type":"BreadcrumbList","@id":"https:\/\/amazonkikolumna.pl\/index.php\/2020\/06\/15\/zawiadomienie-o-walnym-zgromadzeniu\/#breadcrumb","itemListElement":[{"@type":"ListItem","position":1,"name":"Strona g\u0142\u00f3wna","item":"https:\/\/amazonkikolumna.pl\/"},{"@type":"ListItem","position":2,"name":"Zawiadomienie o walnym zgromadzeniu"}]},{"@type":"WebSite","@id":"https:\/\/amazonkikolumna.pl\/#website","url":"https:\/\/amazonkikolumna.pl\/","name":"Stowarzyszenie Amazonek \u0141ask-Kolumna","description":"\u201eCz\u0142owiek jest wielki nie przez to, co ma, nie przez to kim jest, lecz przez to, czym dzieli si\u0119 z innymi\u201d Jan Pawe\u0142 II","publisher":{"@id":"https:\/\/amazonkikolumna.pl\/#organization"},"potentialAction":[{"@type":"SearchAction","target":{"@type":"EntryPoint","urlTemplate":"https:\/\/amazonkikolumna.pl\/?s={search_term_string}"},"query-input":{"@type":"PropertyValueSpecification","valueRequired":true,"valueName":"search_term_string"}}],"inLanguage":"pl-PL"},{"@type":"Organization","@id":"https:\/\/amazonkikolumna.pl\/#organization","name":"Stowarzyszenie Amazonek \u0141ask-Kolumna","url":"https:\/\/amazonkikolumna.pl\/","logo":{"@type":"ImageObject","inLanguage":"pl-PL","@id":"https:\/\/amazonkikolumna.pl\/#\/schema\/logo\/image\/","url":"https:\/\/amazonkikolumna.pl\/wp-content\/uploads\/2016\/03\/logo_federacja_header.gif","contentUrl":"https:\/\/amazonkikolumna.pl\/wp-content\/uploads\/2016\/03\/logo_federacja_header.gif","width":94,"height":93,"caption":"Stowarzyszenie Amazonek \u0141ask-Kolumna"},"image":{"@id":"https:\/\/amazonkikolumna.pl\/#\/schema\/logo\/image\/"}},{"@type":"Person","@id":"https:\/\/amazonkikolumna.pl\/#\/schema\/person\/43f8feff2b1a9777dfbce6e884a96e22","name":"Marcin Cie\u015blak","image":{"@type":"ImageObject","inLanguage":"pl-PL","@id":"https:\/\/amazonkikolumna.pl\/#\/schema\/person\/image\/","url":"https:\/\/secure.gravatar.com\/avatar\/5a72ba338659c35fabbe332580f35214?s=96&d=mm&r=g","contentUrl":"https:\/\/secure.gravatar.com\/avatar\/5a72ba338659c35fabbe332580f35214?s=96&d=mm&r=g","caption":"Marcin Cie\u015blak"},"sameAs":["http:\/\/marbit.net.pl"],"url":"https:\/\/amazonkikolumna.pl\/index.php\/author\/cieslam1977\/"}]}},"_links":{"self":[{"href":"https:\/\/amazonkikolumna.pl\/index.php\/wp-json\/wp\/v2\/posts\/543","targetHints":{"allow":["GET"]}}],"collection":[{"href":"https:\/\/amazonkikolumna.pl\/index.php\/wp-json\/wp\/v2\/posts"}],"about":[{"href":"https:\/\/amazonkikolumna.pl\/index.php\/wp-json\/wp\/v2\/types\/post"}],"author":[{"embeddable":true,"href":"https:\/\/amazonkikolumna.pl\/index.php\/wp-json\/wp\/v2\/users\/6"}],"replies":[{"embeddable":true,"href":"https:\/\/amazonkikolumna.pl\/index.php\/wp-json\/wp\/v2\/comments?post=543"}],"version-history":[{"count":3,"href":"https:\/\/amazonkikolumna.pl\/index.php\/wp-json\/wp\/v2\/posts\/543\/revisions"}],"predecessor-version":[{"id":546,"href":"https:\/\/amazonkikolumna.pl\/index.php\/wp-json\/wp\/v2\/posts\/543\/revisions\/546"}],"wp:attachment":[{"href":"https:\/\/amazonkikolumna.pl\/index.php\/wp-json\/wp\/v2\/media?parent=543"}],"wp:term":[{"taxonomy":"category","embeddable":true,"href":"https:\/\/amazonkikolumna.pl\/index.php\/wp-json\/wp\/v2\/categories?post=543"},{"taxonomy":"post_tag","embeddable":true,"href":"https:\/\/amazonkikolumna.pl\/index.php\/wp-json\/wp\/v2\/tags?post=543"}],"curies":[{"name":"wp","href":"https:\/\/api.w.org\/{rel}","templated":true}]}}