{"id":625,"date":"2021-12-23T16:50:00","date_gmt":"2021-12-23T15:50:00","guid":{"rendered":"https:\/\/amazonkikolumna.pl\/?p=625"},"modified":"2021-12-23T16:50:00","modified_gmt":"2021-12-23T15:50:00","slug":"zyczenia-swiateczne","status":"publish","type":"post","link":"https:\/\/amazonkikolumna.pl\/index.php\/2021\/12\/23\/zyczenia-swiateczne\/","title":{"rendered":"\u017byczenia \u015bwi\u0105teczne"},"content":{"rendered":"<p><img fetchpriority=\"high\" decoding=\"async\" class=\"aligncenter wp-image-626 size-large\" src=\"https:\/\/amazonkikolumna.pl\/wp-content\/uploads\/2021\/12\/Zyczenia-Amazonki-2021-1024x682.jpg\" alt=\"\u017cyczenia \u015bwi\u0105teczne\" width=\"1024\" height=\"682\" srcset=\"https:\/\/amazonkikolumna.pl\/wp-content\/uploads\/2021\/12\/Zyczenia-Amazonki-2021-1024x682.jpg 1024w, https:\/\/amazonkikolumna.pl\/wp-content\/uploads\/2021\/12\/Zyczenia-Amazonki-2021-300x200.jpg 300w, https:\/\/amazonkikolumna.pl\/wp-content\/uploads\/2021\/12\/Zyczenia-Amazonki-2021-768x512.jpg 768w, https:\/\/amazonkikolumna.pl\/wp-content\/uploads\/2021\/12\/Zyczenia-Amazonki-2021.jpg 1280w\" sizes=\"(max-width: 1024px) 100vw, 1024px\" \/><\/p>\n","protected":false},"excerpt":{"rendered":"","protected":false},"author":6,"featured_media":0,"comment_status":"closed","ping_status":"open","sticky":false,"template":"","format":"standard","meta":{"footnotes":""},"categories":[1],"tags":[],"class_list":["post-625","post","type-post","status-publish","format-standard","hentry","category-bez-kategorii","wpbf-post"],"yoast_head":"<!-- This site is optimized with the Yoast SEO plugin v26.8 - https:\/\/yoast.com\/product\/yoast-seo-wordpress\/ -->\n<title>\u017byczenia \u015bwi\u0105teczne - Stowarzyszenie Amazonek \u0141ask-Kolumna<\/title>\n<meta name=\"robots\" content=\"index, follow, max-snippet:-1, max-image-preview:large, max-video-preview:-1\" \/>\n<link rel=\"canonical\" href=\"https:\/\/amazonkikolumna.pl\/index.php\/2021\/12\/23\/zyczenia-swiateczne\/\" \/>\n<meta property=\"og:locale\" content=\"pl_PL\" \/>\n<meta property=\"og:type\" content=\"article\" \/>\n<meta property=\"og:title\" content=\"\u017byczenia \u015bwi\u0105teczne - Stowarzyszenie Amazonek \u0141ask-Kolumna\" \/>\n<meta property=\"og:url\" content=\"https:\/\/amazonkikolumna.pl\/index.php\/2021\/12\/23\/zyczenia-swiateczne\/\" \/>\n<meta property=\"og:site_name\" content=\"Stowarzyszenie Amazonek \u0141ask-Kolumna\" \/>\n<meta property=\"article:published_time\" content=\"2021-12-23T15:50:00+00:00\" \/>\n<meta property=\"og:image\" content=\"https:\/\/amazonkikolumna.pl\/wp-content\/uploads\/2021\/12\/Zyczenia-Amazonki-2021-1024x682.jpg\" \/>\n<meta name=\"author\" content=\"Marcin Cie\u015blak\" \/>\n<meta name=\"twitter:card\" content=\"summary_large_image\" \/>\n<meta name=\"twitter:label1\" content=\"Napisane przez\" \/>\n\t<meta name=\"twitter:data1\" content=\"Marcin Cie\u015blak\" \/>\n\t<meta name=\"twitter:label2\" content=\"Szacowany czas czytania\" \/>\n\t<meta name=\"twitter:data2\" content=\"1 minuta\" \/>\n<script type=\"application\/ld+json\" class=\"yoast-schema-graph\">{\"@context\":\"https:\/\/schema.org\",\"@graph\":[{\"@type\":\"Article\",\"@id\":\"https:\/\/amazonkikolumna.pl\/index.php\/2021\/12\/23\/zyczenia-swiateczne\/#article\",\"isPartOf\":{\"@id\":\"https:\/\/amazonkikolumna.pl\/index.php\/2021\/12\/23\/zyczenia-swiateczne\/\"},\"author\":{\"name\":\"Marcin Cie\u015blak\",\"@id\":\"https:\/\/amazonkikolumna.pl\/#\/schema\/person\/43f8feff2b1a9777dfbce6e884a96e22\"},\"headline\":\"\u017byczenia \u015bwi\u0105teczne\",\"datePublished\":\"2021-12-23T15:50:00+00:00\",\"mainEntityOfPage\":{\"@id\":\"https:\/\/amazonkikolumna.pl\/index.php\/2021\/12\/23\/zyczenia-swiateczne\/\"},\"wordCount\":3,\"publisher\":{\"@id\":\"https:\/\/amazonkikolumna.pl\/#organization\"},\"image\":{\"@id\":\"https:\/\/amazonkikolumna.pl\/index.php\/2021\/12\/23\/zyczenia-swiateczne\/#primaryimage\"},\"thumbnailUrl\":\"https:\/\/amazonkikolumna.pl\/wp-content\/uploads\/2021\/12\/Zyczenia-Amazonki-2021-1024x682.jpg\",\"inLanguage\":\"pl-PL\"},{\"@type\":\"WebPage\",\"@id\":\"https:\/\/amazonkikolumna.pl\/index.php\/2021\/12\/23\/zyczenia-swiateczne\/\",\"url\":\"https:\/\/amazonkikolumna.pl\/index.php\/2021\/12\/23\/zyczenia-swiateczne\/\",\"name\":\"\u017byczenia \u015bwi\u0105teczne - Stowarzyszenie Amazonek \u0141ask-Kolumna\",\"isPartOf\":{\"@id\":\"https:\/\/amazonkikolumna.pl\/#website\"},\"primaryImageOfPage\":{\"@id\":\"https:\/\/amazonkikolumna.pl\/index.php\/2021\/12\/23\/zyczenia-swiateczne\/#primaryimage\"},\"image\":{\"@id\":\"https:\/\/amazonkikolumna.pl\/index.php\/2021\/12\/23\/zyczenia-swiateczne\/#primaryimage\"},\"thumbnailUrl\":\"https:\/\/amazonkikolumna.pl\/wp-content\/uploads\/2021\/12\/Zyczenia-Amazonki-2021-1024x682.jpg\",\"datePublished\":\"2021-12-23T15:50:00+00:00\",\"breadcrumb\":{\"@id\":\"https:\/\/amazonkikolumna.pl\/index.php\/2021\/12\/23\/zyczenia-swiateczne\/#breadcrumb\"},\"inLanguage\":\"pl-PL\",\"potentialAction\":[{\"@type\":\"ReadAction\",\"target\":[\"https:\/\/amazonkikolumna.pl\/index.php\/2021\/12\/23\/zyczenia-swiateczne\/\"]}]},{\"@type\":\"ImageObject\",\"inLanguage\":\"pl-PL\",\"@id\":\"https:\/\/amazonkikolumna.pl\/index.php\/2021\/12\/23\/zyczenia-swiateczne\/#primaryimage\",\"url\":\"https:\/\/amazonkikolumna.pl\/wp-content\/uploads\/2021\/12\/Zyczenia-Amazonki-2021.jpg\",\"contentUrl\":\"https:\/\/amazonkikolumna.pl\/wp-content\/uploads\/2021\/12\/Zyczenia-Amazonki-2021.jpg\",\"width\":1280,\"height\":853,\"caption\":\"\u017cyczenia \u015bwi\u0105teczne\"},{\"@type\":\"BreadcrumbList\",\"@id\":\"https:\/\/amazonkikolumna.pl\/index.php\/2021\/12\/23\/zyczenia-swiateczne\/#breadcrumb\",\"itemListElement\":[{\"@type\":\"ListItem\",\"position\":1,\"name\":\"Strona g\u0142\u00f3wna\",\"item\":\"https:\/\/amazonkikolumna.pl\/\"},{\"@type\":\"ListItem\",\"position\":2,\"name\":\"\u017byczenia \u015bwi\u0105teczne\"}]},{\"@type\":\"WebSite\",\"@id\":\"https:\/\/amazonkikolumna.pl\/#website\",\"url\":\"https:\/\/amazonkikolumna.pl\/\",\"name\":\"Stowarzyszenie Amazonek \u0141ask-Kolumna\",\"description\":\"\u201eCz\u0142owiek jest wielki nie przez to, co ma, nie przez to kim jest, lecz przez to, czym dzieli si\u0119 z innymi\u201d Jan Pawe\u0142 II\",\"publisher\":{\"@id\":\"https:\/\/amazonkikolumna.pl\/#organization\"},\"potentialAction\":[{\"@type\":\"SearchAction\",\"target\":{\"@type\":\"EntryPoint\",\"urlTemplate\":\"https:\/\/amazonkikolumna.pl\/?s={search_term_string}\"},\"query-input\":{\"@type\":\"PropertyValueSpecification\",\"valueRequired\":true,\"valueName\":\"search_term_string\"}}],\"inLanguage\":\"pl-PL\"},{\"@type\":\"Organization\",\"@id\":\"https:\/\/amazonkikolumna.pl\/#organization\",\"name\":\"Stowarzyszenie Amazonek \u0141ask-Kolumna\",\"url\":\"https:\/\/amazonkikolumna.pl\/\",\"logo\":{\"@type\":\"ImageObject\",\"inLanguage\":\"pl-PL\",\"@id\":\"https:\/\/amazonkikolumna.pl\/#\/schema\/logo\/image\/\",\"url\":\"https:\/\/amazonkikolumna.pl\/wp-content\/uploads\/2016\/03\/logo_federacja_header.gif\",\"contentUrl\":\"https:\/\/amazonkikolumna.pl\/wp-content\/uploads\/2016\/03\/logo_federacja_header.gif\",\"width\":94,\"height\":93,\"caption\":\"Stowarzyszenie Amazonek \u0141ask-Kolumna\"},\"image\":{\"@id\":\"https:\/\/amazonkikolumna.pl\/#\/schema\/logo\/image\/\"}},{\"@type\":\"Person\",\"@id\":\"https:\/\/amazonkikolumna.pl\/#\/schema\/person\/43f8feff2b1a9777dfbce6e884a96e22\",\"name\":\"Marcin Cie\u015blak\",\"image\":{\"@type\":\"ImageObject\",\"inLanguage\":\"pl-PL\",\"@id\":\"https:\/\/amazonkikolumna.pl\/#\/schema\/person\/image\/\",\"url\":\"https:\/\/secure.gravatar.com\/avatar\/5a72ba338659c35fabbe332580f35214?s=96&d=mm&r=g\",\"contentUrl\":\"https:\/\/secure.gravatar.com\/avatar\/5a72ba338659c35fabbe332580f35214?s=96&d=mm&r=g\",\"caption\":\"Marcin Cie\u015blak\"},\"sameAs\":[\"http:\/\/marbit.net.pl\"],\"url\":\"https:\/\/amazonkikolumna.pl\/index.php\/author\/cieslam1977\/\"}]}<\/script>\n<!-- \/ Yoast SEO plugin. -->","yoast_head_json":{"title":"\u017byczenia \u015bwi\u0105teczne - Stowarzyszenie Amazonek \u0141ask-Kolumna","robots":{"index":"index","follow":"follow","max-snippet":"max-snippet:-1","max-image-preview":"max-image-preview:large","max-video-preview":"max-video-preview:-1"},"canonical":"https:\/\/amazonkikolumna.pl\/index.php\/2021\/12\/23\/zyczenia-swiateczne\/","og_locale":"pl_PL","og_type":"article","og_title":"\u017byczenia \u015bwi\u0105teczne - Stowarzyszenie Amazonek \u0141ask-Kolumna","og_url":"https:\/\/amazonkikolumna.pl\/index.php\/2021\/12\/23\/zyczenia-swiateczne\/","og_site_name":"Stowarzyszenie Amazonek \u0141ask-Kolumna","article_published_time":"2021-12-23T15:50:00+00:00","og_image":[{"url":"https:\/\/amazonkikolumna.pl\/wp-content\/uploads\/2021\/12\/Zyczenia-Amazonki-2021-1024x682.jpg","type":"","width":"","height":""}],"author":"Marcin Cie\u015blak","twitter_card":"summary_large_image","twitter_misc":{"Napisane przez":"Marcin Cie\u015blak","Szacowany czas czytania":"1 minuta"},"schema":{"@context":"https:\/\/schema.org","@graph":[{"@type":"Article","@id":"https:\/\/amazonkikolumna.pl\/index.php\/2021\/12\/23\/zyczenia-swiateczne\/#article","isPartOf":{"@id":"https:\/\/amazonkikolumna.pl\/index.php\/2021\/12\/23\/zyczenia-swiateczne\/"},"author":{"name":"Marcin Cie\u015blak","@id":"https:\/\/amazonkikolumna.pl\/#\/schema\/person\/43f8feff2b1a9777dfbce6e884a96e22"},"headline":"\u017byczenia \u015bwi\u0105teczne","datePublished":"2021-12-23T15:50:00+00:00","mainEntityOfPage":{"@id":"https:\/\/amazonkikolumna.pl\/index.php\/2021\/12\/23\/zyczenia-swiateczne\/"},"wordCount":3,"publisher":{"@id":"https:\/\/amazonkikolumna.pl\/#organization"},"image":{"@id":"https:\/\/amazonkikolumna.pl\/index.php\/2021\/12\/23\/zyczenia-swiateczne\/#primaryimage"},"thumbnailUrl":"https:\/\/amazonkikolumna.pl\/wp-content\/uploads\/2021\/12\/Zyczenia-Amazonki-2021-1024x682.jpg","inLanguage":"pl-PL"},{"@type":"WebPage","@id":"https:\/\/amazonkikolumna.pl\/index.php\/2021\/12\/23\/zyczenia-swiateczne\/","url":"https:\/\/amazonkikolumna.pl\/index.php\/2021\/12\/23\/zyczenia-swiateczne\/","name":"\u017byczenia \u015bwi\u0105teczne - Stowarzyszenie Amazonek \u0141ask-Kolumna","isPartOf":{"@id":"https:\/\/amazonkikolumna.pl\/#website"},"primaryImageOfPage":{"@id":"https:\/\/amazonkikolumna.pl\/index.php\/2021\/12\/23\/zyczenia-swiateczne\/#primaryimage"},"image":{"@id":"https:\/\/amazonkikolumna.pl\/index.php\/2021\/12\/23\/zyczenia-swiateczne\/#primaryimage"},"thumbnailUrl":"https:\/\/amazonkikolumna.pl\/wp-content\/uploads\/2021\/12\/Zyczenia-Amazonki-2021-1024x682.jpg","datePublished":"2021-12-23T15:50:00+00:00","breadcrumb":{"@id":"https:\/\/amazonkikolumna.pl\/index.php\/2021\/12\/23\/zyczenia-swiateczne\/#breadcrumb"},"inLanguage":"pl-PL","potentialAction":[{"@type":"ReadAction","target":["https:\/\/amazonkikolumna.pl\/index.php\/2021\/12\/23\/zyczenia-swiateczne\/"]}]},{"@type":"ImageObject","inLanguage":"pl-PL","@id":"https:\/\/amazonkikolumna.pl\/index.php\/2021\/12\/23\/zyczenia-swiateczne\/#primaryimage","url":"https:\/\/amazonkikolumna.pl\/wp-content\/uploads\/2021\/12\/Zyczenia-Amazonki-2021.jpg","contentUrl":"https:\/\/amazonkikolumna.pl\/wp-content\/uploads\/2021\/12\/Zyczenia-Amazonki-2021.jpg","width":1280,"height":853,"caption":"\u017cyczenia \u015bwi\u0105teczne"},{"@type":"BreadcrumbList","@id":"https:\/\/amazonkikolumna.pl\/index.php\/2021\/12\/23\/zyczenia-swiateczne\/#breadcrumb","itemListElement":[{"@type":"ListItem","position":1,"name":"Strona g\u0142\u00f3wna","item":"https:\/\/amazonkikolumna.pl\/"},{"@type":"ListItem","position":2,"name":"\u017byczenia \u015bwi\u0105teczne"}]},{"@type":"WebSite","@id":"https:\/\/amazonkikolumna.pl\/#website","url":"https:\/\/amazonkikolumna.pl\/","name":"Stowarzyszenie Amazonek \u0141ask-Kolumna","description":"\u201eCz\u0142owiek jest wielki nie przez to, co ma, nie przez to kim jest, lecz przez to, czym dzieli si\u0119 z innymi\u201d Jan Pawe\u0142 II","publisher":{"@id":"https:\/\/amazonkikolumna.pl\/#organization"},"potentialAction":[{"@type":"SearchAction","target":{"@type":"EntryPoint","urlTemplate":"https:\/\/amazonkikolumna.pl\/?s={search_term_string}"},"query-input":{"@type":"PropertyValueSpecification","valueRequired":true,"valueName":"search_term_string"}}],"inLanguage":"pl-PL"},{"@type":"Organization","@id":"https:\/\/amazonkikolumna.pl\/#organization","name":"Stowarzyszenie Amazonek \u0141ask-Kolumna","url":"https:\/\/amazonkikolumna.pl\/","logo":{"@type":"ImageObject","inLanguage":"pl-PL","@id":"https:\/\/amazonkikolumna.pl\/#\/schema\/logo\/image\/","url":"https:\/\/amazonkikolumna.pl\/wp-content\/uploads\/2016\/03\/logo_federacja_header.gif","contentUrl":"https:\/\/amazonkikolumna.pl\/wp-content\/uploads\/2016\/03\/logo_federacja_header.gif","width":94,"height":93,"caption":"Stowarzyszenie Amazonek \u0141ask-Kolumna"},"image":{"@id":"https:\/\/amazonkikolumna.pl\/#\/schema\/logo\/image\/"}},{"@type":"Person","@id":"https:\/\/amazonkikolumna.pl\/#\/schema\/person\/43f8feff2b1a9777dfbce6e884a96e22","name":"Marcin Cie\u015blak","image":{"@type":"ImageObject","inLanguage":"pl-PL","@id":"https:\/\/amazonkikolumna.pl\/#\/schema\/person\/image\/","url":"https:\/\/secure.gravatar.com\/avatar\/5a72ba338659c35fabbe332580f35214?s=96&d=mm&r=g","contentUrl":"https:\/\/secure.gravatar.com\/avatar\/5a72ba338659c35fabbe332580f35214?s=96&d=mm&r=g","caption":"Marcin Cie\u015blak"},"sameAs":["http:\/\/marbit.net.pl"],"url":"https:\/\/amazonkikolumna.pl\/index.php\/author\/cieslam1977\/"}]}},"_links":{"self":[{"href":"https:\/\/amazonkikolumna.pl\/index.php\/wp-json\/wp\/v2\/posts\/625","targetHints":{"allow":["GET"]}}],"collection":[{"href":"https:\/\/amazonkikolumna.pl\/index.php\/wp-json\/wp\/v2\/posts"}],"about":[{"href":"https:\/\/amazonkikolumna.pl\/index.php\/wp-json\/wp\/v2\/types\/post"}],"author":[{"embeddable":true,"href":"https:\/\/amazonkikolumna.pl\/index.php\/wp-json\/wp\/v2\/users\/6"}],"replies":[{"embeddable":true,"href":"https:\/\/amazonkikolumna.pl\/index.php\/wp-json\/wp\/v2\/comments?post=625"}],"version-history":[{"count":1,"href":"https:\/\/amazonkikolumna.pl\/index.php\/wp-json\/wp\/v2\/posts\/625\/revisions"}],"predecessor-version":[{"id":627,"href":"https:\/\/amazonkikolumna.pl\/index.php\/wp-json\/wp\/v2\/posts\/625\/revisions\/627"}],"wp:attachment":[{"href":"https:\/\/amazonkikolumna.pl\/index.php\/wp-json\/wp\/v2\/media?parent=625"}],"wp:term":[{"taxonomy":"category","embeddable":true,"href":"https:\/\/amazonkikolumna.pl\/index.php\/wp-json\/wp\/v2\/categories?post=625"},{"taxonomy":"post_tag","embeddable":true,"href":"https:\/\/amazonkikolumna.pl\/index.php\/wp-json\/wp\/v2\/tags?post=625"}],"curies":[{"name":"wp","href":"https:\/\/api.w.org\/{rel}","templated":true}]}}